{"id":8270,"date":"2019-07-23T22:48:02","date_gmt":"2019-07-23T22:48:02","guid":{"rendered":"http:\/\/cadeinor.com\/portugal-2020-conclusao\/"},"modified":"2019-07-23T22:51:50","modified_gmt":"2019-07-23T22:51:50","slug":"portugal-2020-conclusao","status":"publish","type":"post","link":"https:\/\/cadeinor.com\/fr\/portugal-2020-conclusao\/","title":{"rendered":"Portugal 2020 &#8211; Conclusion"},"content":{"rendered":"<h3>Objectifs, activit\u00e9s et r\u00e9sultats attendus<\/h3>\n<p>CADEINOR a men\u00e9 \u00e0 bien un projet d&rsquo;investissement soutenu par le FEDER dans le cadre du programme op\u00e9rationnel r\u00e9gional nord et du programme d&rsquo;incitation \u00e0 la qualification et \u00e0 l&rsquo;internationalisation des PME PORTUGAL 2020.<\/p>\n<p>Gr\u00e2ce \u00e0 ce projet d\u2019internationalisation, CADEINOR a atteint ses objectifs strat\u00e9giques \u00e0 moyen \/ long terme, notamment l\u2019introduction dans son portefeuille de mod\u00e8les adapt\u00e9s aux besoins de chaque client, l\u2019intensification de l\u2019internationalisation de son activit\u00e9 et la diversification des march\u00e9s \u00e9trangers.<\/p>\n<p>Le mod\u00e8le d&rsquo;internationalisation pr\u00e9conis\u00e9 reposait sur le maintien des quatre principaux march\u00e9s \u00e9trangers de Cadeinor et la p\u00e9n\u00e9tration de deux nouveaux march\u00e9s europ\u00e9ens. \u00c0 cette fin, il a r\u00e9alis\u00e9 les types d\u2019actions ou d\u2019activit\u00e9s suivants : pr\u00e9sence sur le Web ; d\u00e9veloppement et promotion de marques internationales ; prospection et pr\u00e9sence sur les march\u00e9s internationaux ; marketing international ; introduction de nouvelles m\u00e9thodes d\u2019organisation ; certifications sp\u00e9cifiques pour les march\u00e9s \u00e9trangers.<\/p>\n<p>Le projet a mis en \u00e9vidence de nombreux impacts et contributions aux r\u00e9sultats du PO et de PORTUGAL 2020, comp\u00e9titivit\u00e9 r\u00e9gionale et coh\u00e9sion \u00e9conomique territoriale.<\/p>\n","protected":false},"excerpt":{"rendered":"<p>Objectifs, activit\u00e9s et r\u00e9sultats attendus CADEINOR a men\u00e9 \u00e0 bien un projet d&rsquo;investissement soutenu par le FEDER dans le cadre du programme op\u00e9rationnel r\u00e9gional nord et du programme d&rsquo;incitation \u00e0 la qualification et \u00e0 l&rsquo;internationalisation des PME PORTUGAL 2020. Gr\u00e2ce \u00e0 ce projet d\u2019internationalisation, CADEINOR a atteint ses objectifs strat\u00e9giques \u00e0 moyen \/ long terme, [&hellip;]<\/p>\n","protected":false},"author":4,"featured_media":11007,"comment_status":"closed","ping_status":"open","sticky":false,"template":"","format":"standard","meta":{"inline_featured_image":false,"footnotes":""},"categories":[77],"tags":[],"_links":{"self":[{"href":"https:\/\/cadeinor.com\/fr\/wp-json\/wp\/v2\/posts\/8270"}],"collection":[{"href":"https:\/\/cadeinor.com\/fr\/wp-json\/wp\/v2\/posts"}],"about":[{"href":"https:\/\/cadeinor.com\/fr\/wp-json\/wp\/v2\/types\/post"}],"author":[{"embeddable":true,"href":"https:\/\/cadeinor.com\/fr\/wp-json\/wp\/v2\/users\/4"}],"replies":[{"embeddable":true,"href":"https:\/\/cadeinor.com\/fr\/wp-json\/wp\/v2\/comments?post=8270"}],"version-history":[{"count":0,"href":"https:\/\/cadeinor.com\/fr\/wp-json\/wp\/v2\/posts\/8270\/revisions"}],"wp:featuredmedia":[{"embeddable":true,"href":"https:\/\/cadeinor.com\/fr\/wp-json\/wp\/v2\/media\/11007"}],"wp:attachment":[{"href":"https:\/\/cadeinor.com\/fr\/wp-json\/wp\/v2\/media?parent=8270"}],"wp:term":[{"taxonomy":"category","embeddable":true,"href":"https:\/\/cadeinor.com\/fr\/wp-json\/wp\/v2\/categories?post=8270"},{"taxonomy":"post_tag","embeddable":true,"href":"https:\/\/cadeinor.com\/fr\/wp-json\/wp\/v2\/tags?post=8270"}],"curies":[{"name":"wp","href":"https:\/\/api.w.org\/{rel}","templated":true}]}}