{"id":22381,"date":"2024-09-18T11:01:15","date_gmt":"2024-09-18T11:01:15","guid":{"rendered":"https:\/\/cadeinor.com\/orgatec-2024\/"},"modified":"2024-09-18T11:29:07","modified_gmt":"2024-09-18T11:29:07","slug":"orgatec-2024","status":"publish","type":"post","link":"https:\/\/cadeinor.com\/fr\/orgatec-2024\/","title":{"rendered":"Orgatec 2024"},"content":{"rendered":"<p style=\"text-align: center;\"><strong>Cadeinor<\/strong> revient \u00e0 <strong>Orgatec<\/strong>, le plus grand salon international d\u00e9di\u00e9 au mobilier de bureau, qui se tiendra \u00e0 <strong>Cologne<\/strong>, en Allemagne, du <strong>22 au 25 octobre 2024<\/strong>.<\/p>\n<p style=\"text-align: center;\">Avec un stand de 210 m\u00e8tres carr\u00e9s, Cadeinor sera \u00e0 nouveau pr\u00e9sent \u00e0 ce prestigieux \u00e9v\u00e9nement, apportant des nouveaut\u00e9s qui refl\u00e8tent les derni\u00e8res tendances en mati\u00e8re d&rsquo;innovation, de confort et de design.<\/p>\n<p style=\"text-align: center;\">Les personnes souhaitant nous rendre visite peuvent demander une invitation directement en nous contactant.<\/p>\n<p style=\"text-align: center;\"><strong>Nous serons heureux de vous accueillir sur notre stand et de partager avec vous nos solutions pour des environnements de travail innovants.<\/strong><\/p>\n<p><img data-dominant-color=\"8aa75a\" data-has-transparency=\"false\" style=\"--dominant-color: #8aa75a;\" decoding=\"async\" loading=\"lazy\" class=\"not-transparent wp-image-22367 aligncenter\" src=\"https:\/\/cadeinor.com\/wp-content\/uploads\/2024\/09\/Prancheita-1-241x300.webp\" alt=\"orgatec 2024\" width=\"400\" height=\"498\" srcset=\"https:\/\/cadeinor.com\/wp-content\/uploads\/2024\/09\/Prancheita-1-241x300.webp 241w, https:\/\/cadeinor.com\/wp-content\/uploads\/2024\/09\/Prancheita-1-822x1024.webp 822w, https:\/\/cadeinor.com\/wp-content\/uploads\/2024\/09\/Prancheita-1-768x956.webp 768w, https:\/\/cadeinor.com\/wp-content\/uploads\/2024\/09\/Prancheita-1-512x638.webp 512w, https:\/\/cadeinor.com\/wp-content\/uploads\/2024\/09\/Prancheita-1-jpg.webp 1084w\" sizes=\"(max-width: 400px) 100vw, 400px\" \/><\/p>\n","protected":false},"excerpt":{"rendered":"<p>Cadeinor revient \u00e0 Orgatec, le plus grand salon international d\u00e9di\u00e9 au mobilier de bureau, qui se tiendra \u00e0 Cologne, en Allemagne, du 22 au 25 octobre 2024. Avec un stand de 210 m\u00e8tres carr\u00e9s, Cadeinor sera \u00e0 nouveau pr\u00e9sent \u00e0 ce prestigieux \u00e9v\u00e9nement, apportant des nouveaut\u00e9s qui refl\u00e8tent les derni\u00e8res tendances en mati\u00e8re d&rsquo;innovation, de [&hellip;]<\/p>\n","protected":false},"author":9,"featured_media":22376,"comment_status":"closed","ping_status":"open","sticky":false,"template":"","format":"standard","meta":{"inline_featured_image":false,"footnotes":""},"categories":[77],"tags":[],"_links":{"self":[{"href":"https:\/\/cadeinor.com\/fr\/wp-json\/wp\/v2\/posts\/22381"}],"collection":[{"href":"https:\/\/cadeinor.com\/fr\/wp-json\/wp\/v2\/posts"}],"about":[{"href":"https:\/\/cadeinor.com\/fr\/wp-json\/wp\/v2\/types\/post"}],"author":[{"embeddable":true,"href":"https:\/\/cadeinor.com\/fr\/wp-json\/wp\/v2\/users\/9"}],"replies":[{"embeddable":true,"href":"https:\/\/cadeinor.com\/fr\/wp-json\/wp\/v2\/comments?post=22381"}],"version-history":[{"count":2,"href":"https:\/\/cadeinor.com\/fr\/wp-json\/wp\/v2\/posts\/22381\/revisions"}],"predecessor-version":[{"id":22386,"href":"https:\/\/cadeinor.com\/fr\/wp-json\/wp\/v2\/posts\/22381\/revisions\/22386"}],"wp:featuredmedia":[{"embeddable":true,"href":"https:\/\/cadeinor.com\/fr\/wp-json\/wp\/v2\/media\/22376"}],"wp:attachment":[{"href":"https:\/\/cadeinor.com\/fr\/wp-json\/wp\/v2\/media?parent=22381"}],"wp:term":[{"taxonomy":"category","embeddable":true,"href":"https:\/\/cadeinor.com\/fr\/wp-json\/wp\/v2\/categories?post=22381"},{"taxonomy":"post_tag","embeddable":true,"href":"https:\/\/cadeinor.com\/fr\/wp-json\/wp\/v2\/tags?post=22381"}],"curies":[{"name":"wp","href":"https:\/\/api.w.org\/{rel}","templated":true}]}}